{"id":16544,"date":"2019-03-09T03:03:13","date_gmt":"2019-03-09T02:03:13","guid":{"rendered":"https:\/\/elodie-dulac.fr\/?p=16544"},"modified":"2022-10-13T01:12:50","modified_gmt":"2022-10-12T23:12:50","slug":"respirer-un-poeme","status":"publish","type":"post","link":"https:\/\/elodie-dulac.fr\/index.php\/2019\/03\/09\/respirer-un-poeme\/","title":{"rendered":"Respirer est un po\u00e8me"},"content":{"rendered":"<section  class='av_textblock_section av-bucv28-3df91b2536efbc3a20a44885e2e8194f'  itemscope=\"itemscope\" itemtype=\"https:\/\/schema.org\/BlogPosting\" itemprop=\"blogPost\" ><div class='avia_textblock'  itemprop=\"text\" ><p><img loading=\"lazy\" decoding=\"async\" class=\"alignnone size-large wp-image-16543\" src=\"https:\/\/elodie-dulac.fr\/wp-content\/uploads\/2019\/03\/bright-carefree-clouds-1556691-1024x683.jpg\" alt=\"\" width=\"1024\" height=\"683\" srcset=\"https:\/\/elodie-dulac.fr\/wp-content\/uploads\/2019\/03\/bright-carefree-clouds-1556691-1024x683.jpg 1024w, https:\/\/elodie-dulac.fr\/wp-content\/uploads\/2019\/03\/bright-carefree-clouds-1556691-300x200.jpg 300w, https:\/\/elodie-dulac.fr\/wp-content\/uploads\/2019\/03\/bright-carefree-clouds-1556691-768x512.jpg 768w, https:\/\/elodie-dulac.fr\/wp-content\/uploads\/2019\/03\/bright-carefree-clouds-1556691-1500x1000.jpg 1500w, https:\/\/elodie-dulac.fr\/wp-content\/uploads\/2019\/03\/bright-carefree-clouds-1556691-705x470.jpg 705w, https:\/\/elodie-dulac.fr\/wp-content\/uploads\/2019\/03\/bright-carefree-clouds-1556691-450x300.jpg 450w\" sizes=\"auto, (max-width: 1024px) 100vw, 1024px\" \/><\/p>\n<p><strong>Rainer Maria Rilke \u2013 Respirer, invisible po\u00e8me\u2026\u00a0<\/strong><\/p>\n<p>La respiration est essentielle aujourd&rsquo;hui dans notre vie pour notre pleine sant\u00e9. Contre le stress, toutes les m\u00e9decines alternatives comme les traditions reli\u00e9es au bien-\u00eatre, invitent \u00e0 mieux respirer pour d\u00e9tendre l&rsquo;ensemble des muscles, masser et a\u00e9rer nos organes pour un meilleur fonctionnement. Et lorsqu&rsquo;on est \u00e0 l&rsquo;\u00e9coute de notre respiration, qu&rsquo;on ressent le trajet de l&rsquo;air dans tout notre corps et ses bienfaits alors peut-\u00eatre pouvons-nous saisir la grandeur de l&rsquo;\u00e9l\u00e9ment Air (avec l&rsquo;Eau, le Feu, Terre, Ether).<\/p>\n<p>Ce po\u00e8me de R. M. Rilke nous fait d\u00e9couvrir ce qu&rsquo;il y a encore au-del\u00e0 de la respiration profonde, un Espace vaste qui nous contient. Alors est ce que nous contenons l&rsquo;air ? Ou est-ce l&rsquo;air qui nous contient ?<\/p>\n<p>L&rsquo;air serait-il alors comme l&rsquo;espace, comme l&rsquo;Amour, \u00e0 la fois dedans pour nous constituer et autour, partout ? A chacun, son exp\u00e9rience.<\/p>\n<\/div><\/section>\n<div  class='hr av-2wuok2o-96e46b3e0051b46e48c4912f377016a5 hr-default  avia-builder-el-1  el_after_av_textblock  el_before_av_textblock '><span class='hr-inner '><span class=\"hr-inner-style\"><\/span><\/span><\/div>\n<section  class='av_textblock_section av-2ddg7s0-20b1556524cf031b8424db8a11d8197b'  itemscope=\"itemscope\" itemtype=\"https:\/\/schema.org\/BlogPosting\" itemprop=\"blogPost\" ><div class='avia_textblock'  itemprop=\"text\" ><p>\u00ab\u00a0Respirer, invisible po\u00e8me.<\/p>\n<p>Toujours autour de moi,<\/p>\n<p>d\u2019espace pur \u00e9change. Contrepoids<\/p>\n<p>o\u00f9 rythmiquement m\u2019accomplit mon haleine.<\/p>\n<p>Unique vague dont je sois<\/p>\n<p>la mer progressive ;<\/p>\n<p>plus \u00e9conome de toutes les mers possibles, \u2014<\/p>\n<p>gain d\u2019espace.<\/p>\n<p>Combien de ces lieux innombrables<\/p>\n<p>\u00e9taient d\u00e9j\u00e0 en moi ? Maints vents<\/p>\n<p>sont comme mon fils.<\/p>\n<p>Me reconnais-tu, air, encore plein de lieux miens tant\u00f4t ?<\/p>\n<p>Toi qui fus l\u2019\u00e9corce lisse,<\/p>\n<p>la courbe et la feuille de mes mots.\u00a0\u00bb<\/p>\n<p><a href=\"http:\/\/fr.wikipedia.org\/wiki\/Rainer_Maria_Rilke\">Rainer Maria Rilke (1875-1926)<\/a>\u2013 <em>Sonnets \u00e0 Orph\u00e9e\u00a0<\/em>(1922) \u2013 Traduit de l\u2019allemand par Maurice Betz<\/p>\n<\/div><\/section>\n<div  class='hr av-236gmhs-dc61ae1d0edb0b49f0f2e83cd85f67d9 hr-default  avia-builder-el-3  el_after_av_textblock  el_before_av_textblock '><span class='hr-inner '><span class=\"hr-inner-style\"><\/span><\/span><\/div>\n<section  class='av_textblock_section av-1nlx0g0-485eb093663485dddf1d3a72b98da56d'  itemscope=\"itemscope\" itemtype=\"https:\/\/schema.org\/BlogPosting\" itemprop=\"blogPost\" ><div class='avia_textblock'  itemprop=\"text\" ><p>La forme du po\u00e8me est musicale, elle nous invite au voyage et \u00e0 l&rsquo;expansion de notre respiration. Je ne pouvais que partager cette beaut\u00e9 sur ce blog. Merci Reiner Maria Rilke.<\/p>\n<\/div><\/section>\n<div  class='hr av-1agj9cw-30cbf8180a13c039565b00e9ffb18d24 hr-default  avia-builder-el-5  el_after_av_textblock  el_before_av_social_share '><span class='hr-inner '><span class=\"hr-inner-style\"><\/span><\/span><\/div>\n<div  class='av-social-sharing-box av-325jog-943281e6992d0f6445d801b6dead96ab av-social-sharing-box-minimal  avia-builder-el-6  el_after_av_hr  avia-builder-el-last  av-social-sharing-box-fullwidth'><div class=\"av-share-box\"><h5 class='av-share-link-description av-no-toc '>Je partage cet article :<\/h5><ul class=\"av-share-box-list noLightbox\"><li class='av-share-link av-social-link-facebook' ><a target=\"_blank\" aria-label=\"Partager sur Facebook\" href='https:\/\/www.facebook.com\/sharer.php?u=https:\/\/elodie-dulac.fr\/index.php\/2019\/03\/09\/respirer-un-poeme\/&#038;t=Respirer%20est%20un%20po%C3%A8me' aria-hidden='false' data-av_icon='\ue8f3' data-av_iconfont='entypo-fontello' title='' data-avia-related-tooltip='Partager sur Facebook' rel=\"noopener\"><span class='avia_hidden_link_text'>Partager sur Facebook<\/span><\/a><\/li><li class='av-share-link av-social-link-twitter' ><a target=\"_blank\" aria-label=\"Partager sur Twitter\" href='https:\/\/twitter.com\/share?text=Respirer%20est%20un%20po%C3%A8me&#038;url=https:\/\/elodie-dulac.fr\/?p=16544' aria-hidden='false' data-av_icon='\ue8f1' data-av_iconfont='entypo-fontello' title='' data-avia-related-tooltip='Partager sur Twitter' rel=\"noopener\"><span class='avia_hidden_link_text'>Partager sur Twitter<\/span><\/a><\/li><li class='av-share-link av-social-link-pinterest' ><a target=\"_blank\" aria-label=\"Partager sur Pinterest\" href='https:\/\/pinterest.com\/pin\/create\/button\/?url=https%3A%2F%2Felodie-dulac.fr%2Findex.php%2F2019%2F03%2F09%2Frespirer-un-poeme%2F&#038;description=Respirer%20est%20un%20po%C3%A8me&#038;media=https%3A%2F%2Felodie-dulac.fr%2Fwp-content%2Fuploads%2F2019%2F03%2Fbright-carefree-clouds-1556691-705x470.jpg' aria-hidden='false' data-av_icon='\ue8f8' data-av_iconfont='entypo-fontello' title='' data-avia-related-tooltip='Partager sur Pinterest' rel=\"noopener\"><span class='avia_hidden_link_text'>Partager sur Pinterest<\/span><\/a><\/li><li class='av-share-link av-social-link-linkedin' ><a target=\"_blank\" aria-label=\"Partager sur LinkedIn\" href='https:\/\/linkedin.com\/shareArticle?mini=true&#038;title=Respirer%20est%20un%20po%C3%A8me&#038;url=https:\/\/elodie-dulac.fr\/index.php\/2019\/03\/09\/respirer-un-poeme\/' aria-hidden='false' data-av_icon='\ue8fc' data-av_iconfont='entypo-fontello' title='' data-avia-related-tooltip='Partager sur LinkedIn' rel=\"noopener\"><span class='avia_hidden_link_text'>Partager sur LinkedIn<\/span><\/a><\/li><li class='av-share-link av-social-link-mail' ><a  aria-label=\"Partager par Mail\" href='mailto:?subject=Respirer%20est%20un%20po%C3%A8me&#038;body=https:\/\/elodie-dulac.fr\/index.php\/2019\/03\/09\/respirer-un-poeme\/' aria-hidden='false' data-av_icon='\ue805' data-av_iconfont='entypo-fontello' title='' data-avia-related-tooltip='Partager par Mail'><span class='avia_hidden_link_text'>Partager par Mail<\/span><\/a><\/li><\/ul><\/div><\/div>\n","protected":false},"excerpt":{"rendered":"","protected":false},"author":1,"featured_media":16543,"comment_status":"open","ping_status":"open","sticky":false,"template":"","format":"standard","meta":{"footnotes":""},"categories":[89],"tags":[],"class_list":["post-16544","post","type-post","status-publish","format-standard","has-post-thumbnail","hentry","category-articles"],"yoast_head":"<!-- This site is optimized with the Yoast SEO plugin v26.5 - https:\/\/yoast.com\/wordpress\/plugins\/seo\/ -->\n<title>Elodie Dulac - Respirer, invisible po\u00e8me - BLOG -<\/title>\n<meta name=\"description\" content=\"Elodie Dulac - Billet d&#039;humeur : Respirer, invisible po\u00e8me de R. M. Rilke, une ode \u00e0 la respiration pour se sentir inspir\u00e9(er) - BLOG -\" \/>\n<meta name=\"robots\" content=\"index, follow, max-snippet:-1, max-image-preview:large, max-video-preview:-1\" \/>\n<link rel=\"canonical\" href=\"https:\/\/elodie-dulac.fr\/index.php\/2019\/03\/09\/respirer-un-poeme\/\" \/>\n<meta property=\"og:locale\" content=\"fr_FR\" \/>\n<meta property=\"og:type\" content=\"article\" \/>\n<meta property=\"og:title\" content=\"Elodie Dulac - Respirer, invisible po\u00e8me - BLOG -\" \/>\n<meta property=\"og:description\" content=\"Elodie Dulac - Billet d&#039;humeur : Respirer, invisible po\u00e8me de R. M. Rilke, une ode \u00e0 la respiration pour se sentir inspir\u00e9(er) - BLOG -\" \/>\n<meta property=\"og:url\" content=\"https:\/\/elodie-dulac.fr\/index.php\/2019\/03\/09\/respirer-un-poeme\/\" \/>\n<meta property=\"og:site_name\" content=\"Elodie Dulac\" \/>\n<meta property=\"article:publisher\" content=\"https:\/\/www.facebook.com\/Energ%c3%a9tique-massage-ancien-sophrologie-981665918679608\/notifications\/?notif_id=1535717918427252&amp;amp%3bamp%3bamp%3bamp%3bamp%3bnotif_t=page_user_activity&amp;amp%3bamp%3bamp%3bamp%3bamp%3bref=notif\" \/>\n<meta property=\"article:published_time\" content=\"2019-03-09T02:03:13+00:00\" \/>\n<meta property=\"article:modified_time\" content=\"2022-10-12T23:12:50+00:00\" \/>\n<meta property=\"og:image\" content=\"https:\/\/elodie-dulac.fr\/wp-content\/uploads\/2019\/03\/bright-carefree-clouds-1556691.jpg\" \/>\n\t<meta property=\"og:image:width\" content=\"5608\" \/>\n\t<meta property=\"og:image:height\" content=\"3739\" \/>\n\t<meta property=\"og:image:type\" content=\"image\/jpeg\" \/>\n<meta name=\"author\" content=\"elodie\" \/>\n<meta name=\"twitter:card\" content=\"summary_large_image\" \/>\n<meta name=\"twitter:label1\" content=\"\u00c9crit par\" \/>\n\t<meta name=\"twitter:data1\" content=\"elodie\" \/>\n\t<meta name=\"twitter:label2\" content=\"Dur\u00e9e de lecture estim\u00e9e\" \/>\n\t<meta name=\"twitter:data2\" content=\"3 minutes\" \/>\n<script type=\"application\/ld+json\" class=\"yoast-schema-graph\">{\"@context\":\"https:\/\/schema.org\",\"@graph\":[{\"@type\":\"WebPage\",\"@id\":\"https:\/\/elodie-dulac.fr\/index.php\/2019\/03\/09\/respirer-un-poeme\/\",\"url\":\"https:\/\/elodie-dulac.fr\/index.php\/2019\/03\/09\/respirer-un-poeme\/\",\"name\":\"Elodie Dulac - Respirer, invisible po\u00e8me - BLOG -\",\"isPartOf\":{\"@id\":\"https:\/\/elodie-dulac.fr\/#website\"},\"primaryImageOfPage\":{\"@id\":\"https:\/\/elodie-dulac.fr\/index.php\/2019\/03\/09\/respirer-un-poeme\/#primaryimage\"},\"image\":{\"@id\":\"https:\/\/elodie-dulac.fr\/index.php\/2019\/03\/09\/respirer-un-poeme\/#primaryimage\"},\"thumbnailUrl\":\"https:\/\/elodie-dulac.fr\/wp-content\/uploads\/2019\/03\/bright-carefree-clouds-1556691.jpg\",\"datePublished\":\"2019-03-09T02:03:13+00:00\",\"dateModified\":\"2022-10-12T23:12:50+00:00\",\"author\":{\"@id\":\"https:\/\/elodie-dulac.fr\/#\/schema\/person\/ca18d921b4d5e52c66ae53a11770bdce\"},\"description\":\"Elodie Dulac - Billet d'humeur : Respirer, invisible po\u00e8me de R. M. Rilke, une ode \u00e0 la respiration pour se sentir inspir\u00e9(er) - BLOG -\",\"breadcrumb\":{\"@id\":\"https:\/\/elodie-dulac.fr\/index.php\/2019\/03\/09\/respirer-un-poeme\/#breadcrumb\"},\"inLanguage\":\"fr-FR\",\"potentialAction\":[{\"@type\":\"ReadAction\",\"target\":[\"https:\/\/elodie-dulac.fr\/index.php\/2019\/03\/09\/respirer-un-poeme\/\"]}]},{\"@type\":\"ImageObject\",\"inLanguage\":\"fr-FR\",\"@id\":\"https:\/\/elodie-dulac.fr\/index.php\/2019\/03\/09\/respirer-un-poeme\/#primaryimage\",\"url\":\"https:\/\/elodie-dulac.fr\/wp-content\/uploads\/2019\/03\/bright-carefree-clouds-1556691.jpg\",\"contentUrl\":\"https:\/\/elodie-dulac.fr\/wp-content\/uploads\/2019\/03\/bright-carefree-clouds-1556691.jpg\",\"width\":5608,\"height\":3739},{\"@type\":\"BreadcrumbList\",\"@id\":\"https:\/\/elodie-dulac.fr\/index.php\/2019\/03\/09\/respirer-un-poeme\/#breadcrumb\",\"itemListElement\":[{\"@type\":\"ListItem\",\"position\":1,\"name\":\"Accueil\",\"item\":\"https:\/\/elodie-dulac.fr\/index.php\/energie-massage-sophrologie-soin-energetique-bols\/\"},{\"@type\":\"ListItem\",\"position\":2,\"name\":\"Respirer est un po\u00e8me\"}]},{\"@type\":\"WebSite\",\"@id\":\"https:\/\/elodie-dulac.fr\/#website\",\"url\":\"https:\/\/elodie-dulac.fr\/\",\"name\":\"Elodie Dulac\",\"description\":\"Les chemins de l&#039;\u00e9nergie\",\"potentialAction\":[{\"@type\":\"SearchAction\",\"target\":{\"@type\":\"EntryPoint\",\"urlTemplate\":\"https:\/\/elodie-dulac.fr\/?s={search_term_string}\"},\"query-input\":{\"@type\":\"PropertyValueSpecification\",\"valueRequired\":true,\"valueName\":\"search_term_string\"}}],\"inLanguage\":\"fr-FR\"},{\"@type\":\"Person\",\"@id\":\"https:\/\/elodie-dulac.fr\/#\/schema\/person\/ca18d921b4d5e52c66ae53a11770bdce\",\"name\":\"elodie\",\"image\":{\"@type\":\"ImageObject\",\"inLanguage\":\"fr-FR\",\"@id\":\"https:\/\/elodie-dulac.fr\/#\/schema\/person\/image\/\",\"url\":\"https:\/\/elodie-dulac.fr\/wp-content\/litespeed\/avatar\/b177153b82fc242c5b19e01902ed16bb.jpg?ver=1777151103\",\"contentUrl\":\"https:\/\/elodie-dulac.fr\/wp-content\/litespeed\/avatar\/b177153b82fc242c5b19e01902ed16bb.jpg?ver=1777151103\",\"caption\":\"elodie\"},\"url\":\"https:\/\/elodie-dulac.fr\/index.php\/author\/admin4234\/\"}]}<\/script>\n<!-- \/ Yoast SEO plugin. -->","yoast_head_json":{"title":"Elodie Dulac - Respirer, invisible po\u00e8me - BLOG -","description":"Elodie Dulac - Billet d'humeur : Respirer, invisible po\u00e8me de R. M. Rilke, une ode \u00e0 la respiration pour se sentir inspir\u00e9(er) - BLOG -","robots":{"index":"index","follow":"follow","max-snippet":"max-snippet:-1","max-image-preview":"max-image-preview:large","max-video-preview":"max-video-preview:-1"},"canonical":"https:\/\/elodie-dulac.fr\/index.php\/2019\/03\/09\/respirer-un-poeme\/","og_locale":"fr_FR","og_type":"article","og_title":"Elodie Dulac - Respirer, invisible po\u00e8me - BLOG -","og_description":"Elodie Dulac - Billet d'humeur : Respirer, invisible po\u00e8me de R. M. Rilke, une ode \u00e0 la respiration pour se sentir inspir\u00e9(er) - BLOG -","og_url":"https:\/\/elodie-dulac.fr\/index.php\/2019\/03\/09\/respirer-un-poeme\/","og_site_name":"Elodie Dulac","article_publisher":"https:\/\/www.facebook.com\/Energ%c3%a9tique-massage-ancien-sophrologie-981665918679608\/notifications\/?notif_id=1535717918427252&amp%3bamp%3bamp%3bamp%3bamp%3bnotif_t=page_user_activity&amp%3bamp%3bamp%3bamp%3bamp%3bref=notif","article_published_time":"2019-03-09T02:03:13+00:00","article_modified_time":"2022-10-12T23:12:50+00:00","og_image":[{"width":5608,"height":3739,"url":"https:\/\/elodie-dulac.fr\/wp-content\/uploads\/2019\/03\/bright-carefree-clouds-1556691.jpg","type":"image\/jpeg"}],"author":"elodie","twitter_card":"summary_large_image","twitter_misc":{"\u00c9crit par":"elodie","Dur\u00e9e de lecture estim\u00e9e":"3 minutes"},"schema":{"@context":"https:\/\/schema.org","@graph":[{"@type":"WebPage","@id":"https:\/\/elodie-dulac.fr\/index.php\/2019\/03\/09\/respirer-un-poeme\/","url":"https:\/\/elodie-dulac.fr\/index.php\/2019\/03\/09\/respirer-un-poeme\/","name":"Elodie Dulac - Respirer, invisible po\u00e8me - BLOG -","isPartOf":{"@id":"https:\/\/elodie-dulac.fr\/#website"},"primaryImageOfPage":{"@id":"https:\/\/elodie-dulac.fr\/index.php\/2019\/03\/09\/respirer-un-poeme\/#primaryimage"},"image":{"@id":"https:\/\/elodie-dulac.fr\/index.php\/2019\/03\/09\/respirer-un-poeme\/#primaryimage"},"thumbnailUrl":"https:\/\/elodie-dulac.fr\/wp-content\/uploads\/2019\/03\/bright-carefree-clouds-1556691.jpg","datePublished":"2019-03-09T02:03:13+00:00","dateModified":"2022-10-12T23:12:50+00:00","author":{"@id":"https:\/\/elodie-dulac.fr\/#\/schema\/person\/ca18d921b4d5e52c66ae53a11770bdce"},"description":"Elodie Dulac - Billet d'humeur : Respirer, invisible po\u00e8me de R. M. Rilke, une ode \u00e0 la respiration pour se sentir inspir\u00e9(er) - BLOG -","breadcrumb":{"@id":"https:\/\/elodie-dulac.fr\/index.php\/2019\/03\/09\/respirer-un-poeme\/#breadcrumb"},"inLanguage":"fr-FR","potentialAction":[{"@type":"ReadAction","target":["https:\/\/elodie-dulac.fr\/index.php\/2019\/03\/09\/respirer-un-poeme\/"]}]},{"@type":"ImageObject","inLanguage":"fr-FR","@id":"https:\/\/elodie-dulac.fr\/index.php\/2019\/03\/09\/respirer-un-poeme\/#primaryimage","url":"https:\/\/elodie-dulac.fr\/wp-content\/uploads\/2019\/03\/bright-carefree-clouds-1556691.jpg","contentUrl":"https:\/\/elodie-dulac.fr\/wp-content\/uploads\/2019\/03\/bright-carefree-clouds-1556691.jpg","width":5608,"height":3739},{"@type":"BreadcrumbList","@id":"https:\/\/elodie-dulac.fr\/index.php\/2019\/03\/09\/respirer-un-poeme\/#breadcrumb","itemListElement":[{"@type":"ListItem","position":1,"name":"Accueil","item":"https:\/\/elodie-dulac.fr\/index.php\/energie-massage-sophrologie-soin-energetique-bols\/"},{"@type":"ListItem","position":2,"name":"Respirer est un po\u00e8me"}]},{"@type":"WebSite","@id":"https:\/\/elodie-dulac.fr\/#website","url":"https:\/\/elodie-dulac.fr\/","name":"Elodie Dulac","description":"Les chemins de l&#039;\u00e9nergie","potentialAction":[{"@type":"SearchAction","target":{"@type":"EntryPoint","urlTemplate":"https:\/\/elodie-dulac.fr\/?s={search_term_string}"},"query-input":{"@type":"PropertyValueSpecification","valueRequired":true,"valueName":"search_term_string"}}],"inLanguage":"fr-FR"},{"@type":"Person","@id":"https:\/\/elodie-dulac.fr\/#\/schema\/person\/ca18d921b4d5e52c66ae53a11770bdce","name":"elodie","image":{"@type":"ImageObject","inLanguage":"fr-FR","@id":"https:\/\/elodie-dulac.fr\/#\/schema\/person\/image\/","url":"https:\/\/elodie-dulac.fr\/wp-content\/litespeed\/avatar\/b177153b82fc242c5b19e01902ed16bb.jpg?ver=1777151103","contentUrl":"https:\/\/elodie-dulac.fr\/wp-content\/litespeed\/avatar\/b177153b82fc242c5b19e01902ed16bb.jpg?ver=1777151103","caption":"elodie"},"url":"https:\/\/elodie-dulac.fr\/index.php\/author\/admin4234\/"}]}},"_links":{"self":[{"href":"https:\/\/elodie-dulac.fr\/index.php\/wp-json\/wp\/v2\/posts\/16544","targetHints":{"allow":["GET"]}}],"collection":[{"href":"https:\/\/elodie-dulac.fr\/index.php\/wp-json\/wp\/v2\/posts"}],"about":[{"href":"https:\/\/elodie-dulac.fr\/index.php\/wp-json\/wp\/v2\/types\/post"}],"author":[{"embeddable":true,"href":"https:\/\/elodie-dulac.fr\/index.php\/wp-json\/wp\/v2\/users\/1"}],"replies":[{"embeddable":true,"href":"https:\/\/elodie-dulac.fr\/index.php\/wp-json\/wp\/v2\/comments?post=16544"}],"version-history":[{"count":0,"href":"https:\/\/elodie-dulac.fr\/index.php\/wp-json\/wp\/v2\/posts\/16544\/revisions"}],"wp:featuredmedia":[{"embeddable":true,"href":"https:\/\/elodie-dulac.fr\/index.php\/wp-json\/wp\/v2\/media\/16543"}],"wp:attachment":[{"href":"https:\/\/elodie-dulac.fr\/index.php\/wp-json\/wp\/v2\/media?parent=16544"}],"wp:term":[{"taxonomy":"category","embeddable":true,"href":"https:\/\/elodie-dulac.fr\/index.php\/wp-json\/wp\/v2\/categories?post=16544"},{"taxonomy":"post_tag","embeddable":true,"href":"https:\/\/elodie-dulac.fr\/index.php\/wp-json\/wp\/v2\/tags?post=16544"}],"curies":[{"name":"wp","href":"https:\/\/api.w.org\/{rel}","templated":true}]}}