{"id":16650,"date":"2019-03-15T10:46:51","date_gmt":"2019-03-15T09:46:51","guid":{"rendered":"https:\/\/elodie-dulac.fr\/?p=16650"},"modified":"2022-10-13T01:17:25","modified_gmt":"2022-10-12T23:17:25","slug":"sante-traditions","status":"publish","type":"post","link":"https:\/\/elodie-dulac.fr\/index.php\/2019\/03\/15\/sante-traditions\/","title":{"rendered":"La sant\u00e9 chez les Am\u00e9rindiens"},"content":{"rendered":"\n<p><\/p>\n\n\n\n<style type=\"text\/css\" data-created_by=\"avia_inline_auto\" id=\"style-css-av-3y1k5ca-267582a96ec7f99fb37ececd1f44485a\">\n.flex_column.av-3y1k5ca-267582a96ec7f99fb37ececd1f44485a{\n-webkit-border-radius:0px 0px 0px 0px;\n-moz-border-radius:0px 0px 0px 0px;\nborder-radius:0px 0px 0px 0px;\npadding:0px 0px 0px 0px;\n}\n<\/style>\n<div class='flex_column av-3y1k5ca-267582a96ec7f99fb37ececd1f44485a av_one_full  avia-builder-el-0  el_before_av_one_full  avia-builder-el-first  first no_margin flex_column_div av-zero-column-padding '     ><section  class='av_textblock_section av-3h5zai2-73ae2dd67ecb1c7dacd197aa9c00bbee'  itemscope=\"itemscope\" itemtype=\"https:\/\/schema.org\/BlogPosting\" itemprop=\"blogPost\" ><div class='avia_textblock'  itemprop=\"text\" ><p style=\"text-align: center;\"><img loading=\"lazy\" decoding=\"async\" class=\"alignnone wp-image-16659 size-large\" src=\"https:\/\/elodie-dulac.fr\/wp-content\/uploads\/2019\/03\/Lorenza-Garcia-Navajos-Din\u00e9-la-sant\u00e9-chez-les-am\u00e9rindiens-01-01-1024x545.jpeg\" alt=\"\" width=\"1024\" height=\"545\" srcset=\"https:\/\/elodie-dulac.fr\/wp-content\/uploads\/2019\/03\/Lorenza-Garcia-Navajos-Din\u00e9-la-sant\u00e9-chez-les-am\u00e9rindiens-01-01-1024x545.jpeg 1024w, https:\/\/elodie-dulac.fr\/wp-content\/uploads\/2019\/03\/Lorenza-Garcia-Navajos-Din\u00e9-la-sant\u00e9-chez-les-am\u00e9rindiens-01-01-300x160.jpeg 300w, https:\/\/elodie-dulac.fr\/wp-content\/uploads\/2019\/03\/Lorenza-Garcia-Navajos-Din\u00e9-la-sant\u00e9-chez-les-am\u00e9rindiens-01-01-768x409.jpeg 768w, https:\/\/elodie-dulac.fr\/wp-content\/uploads\/2019\/03\/Lorenza-Garcia-Navajos-Din\u00e9-la-sant\u00e9-chez-les-am\u00e9rindiens-01-01-705x375.jpeg 705w, https:\/\/elodie-dulac.fr\/wp-content\/uploads\/2019\/03\/Lorenza-Garcia-Navajos-Din\u00e9-la-sant\u00e9-chez-les-am\u00e9rindiens-01-01-450x240.jpeg 450w, https:\/\/elodie-dulac.fr\/wp-content\/uploads\/2019\/03\/Lorenza-Garcia-Navajos-Din\u00e9-la-sant\u00e9-chez-les-am\u00e9rindiens-01-01.jpeg 1033w\" sizes=\"auto, (max-width: 1024px) 100vw, 1024px\" \/><\/p>\n<p><strong>La sant\u00e9 chez les Din\u00e9, Indiens d\u2019Am\u00e9rique \u00a0<\/strong><\/p>\n<p>C&rsquo;\u00e9tait au cours d&rsquo;une journ\u00e9e Harmoniales \u00e0 Paris l&rsquo;an dernier, organis\u00e9 par Marie-Alix De Neuville (Ananda \u00e9v\u00e9nements), que j&rsquo;ai enrichi ma perception et la pratique de mes soins.<\/p>\n<p>Le th\u00e8me de l&rsquo;ensemble des conf\u00e9rences exp\u00e9rientielles et chaleureuses est passionnant : \u00ab\u00a0Sant\u00e9 et traditions\u00a0\u00bb.\u00a0Lorenza Garcia, chanteuse, compositrice et musicienne, aborde la culture Navajo\u00a0des Din\u00e9, dont l&rsquo;essence impr\u00e8gne ses chansons. Din\u00e9 signifie \u201cle peuple\u201d en langue Navajos.<\/p>\n<\/div><\/section><\/div>\n\n<style type=\"text\/css\" data-created_by=\"avia_inline_auto\" id=\"style-css-av-37c9o0a-0df2220444060b15b3fe885f63c89e82\">\n.flex_column.av-37c9o0a-0df2220444060b15b3fe885f63c89e82{\n-webkit-border-radius:0px 0px 0px 0px;\n-moz-border-radius:0px 0px 0px 0px;\nborder-radius:0px 0px 0px 0px;\npadding:0px 0px 0px 0px;\n}\n<\/style>\n<div class='flex_column av-37c9o0a-0df2220444060b15b3fe885f63c89e82 av_one_full  avia-builder-el-2  el_after_av_one_full  el_before_av_one_full  first no_margin flex_column_div av-zero-column-padding column-top-margin'     ><section  class='av_textblock_section av-2d5j5ii-b0234ffcf81e6fe167e4ef4c93201b41'  itemscope=\"itemscope\" itemtype=\"https:\/\/schema.org\/BlogPosting\" itemprop=\"blogPost\" ><div class='avia_textblock'  itemprop=\"text\" ><p>J&rsquo;ai \u00e9t\u00e9 extr\u00eamement touch\u00e9e d\u2019apprendre que dans la culture des Din\u00e9, la conception de la gu\u00e9rison est bien diff\u00e9rente de la n\u00f4tre. Leur conception nous ram\u00e8ne \u00e0 l&rsquo;essentiel, \u00e0 notre nature premi\u00e8re. Chez eux, il n\u2019y a pas un \u00ab\u00a0malade\u00a0\u00bb dans la tribu, mais une d\u00e9sharmonie au sein de la tribu. <strong>En soignant une personne, ils r\u00e9tablissent en r\u00e9alit\u00e9 l\u2019\u00e9quilibre dans la tribu<\/strong>. Autrement dit, le soin est adress\u00e9 \u00e0 l\u2019ensemble et non \u00e0 une personne seule. Nous sommes tous concern\u00e9s par le mal-\u00eatre d&rsquo;un de nos fr\u00e8res. Nous sommes en bonne sant\u00e9 que lorsque notre communaut\u00e9 l&rsquo;est aussi.<\/p>\n<p>Voici un bel exemple de la conscience de notre unit\u00e9 humaine.<\/p>\n<p>Depuis, s&rsquo;est inscrit tout naturellement dans mon m\u00e9tier, cette dimension plus vaste au c\u0153ur de mes soins. Et par extension, il en est de m\u00eame dans l&rsquo;autre sens : en se gu\u00e9rissant soi-m\u00eame, nous am\u00e9liorons le bien-\u00eatre de la communaut\u00e9.<\/p>\n<\/div><\/section><\/div>\n\n<style type=\"text\/css\" data-created_by=\"avia_inline_auto\" id=\"style-css-av-25g10ga-6acf269ac5266f5feefe435ed5a7c46d\">\n.flex_column.av-25g10ga-6acf269ac5266f5feefe435ed5a7c46d{\n-webkit-border-radius:0px 0px 0px 0px;\n-moz-border-radius:0px 0px 0px 0px;\nborder-radius:0px 0px 0px 0px;\npadding:0px 0px 0px 0px;\n}\n<\/style>\n<div class='flex_column av-25g10ga-6acf269ac5266f5feefe435ed5a7c46d av_one_full  avia-builder-el-4  el_after_av_one_full  el_before_av_hr  first no_margin flex_column_div av-zero-column-padding column-top-margin'     ><section  class='av_textblock_section av-1iw46sq-e5b9475b507a1c682a474aa7f06d555f'  itemscope=\"itemscope\" itemtype=\"https:\/\/schema.org\/BlogPosting\" itemprop=\"blogPost\" ><div class='avia_textblock'  itemprop=\"text\" ><p>Je remercie Lorenza Garcia de m&rsquo;avoir permise cette compr\u00e9hension.<\/p>\n<\/div><\/section><\/div>\n<div  class='hr av-1cesetm-0e23690854e23ff703882c90fbf436e9 hr-default  avia-builder-el-6  el_after_av_one_full  el_before_av_social_share '><span class='hr-inner '><span class=\"hr-inner-style\"><\/span><\/span><\/div>\n<div  class='av-social-sharing-box av-kjivca-14ca523529900e5e1220750f6637684f av-social-sharing-box-minimal  avia-builder-el-7  el_after_av_hr  avia-builder-el-last  av-social-sharing-box-fullwidth'><div class=\"av-share-box\"><h5 class='av-share-link-description av-no-toc '>Je partage cet article :<\/h5><ul class=\"av-share-box-list noLightbox\"><li class='av-share-link av-social-link-facebook' ><a target=\"_blank\" aria-label=\"Partager sur Facebook\" href='https:\/\/www.facebook.com\/sharer.php?u=https:\/\/elodie-dulac.fr\/index.php\/2019\/03\/15\/sante-traditions\/&#038;t=La%20sant%C3%A9%20chez%20les%20Am%C3%A9rindiens' aria-hidden='false' data-av_icon='\ue8f3' data-av_iconfont='entypo-fontello' title='' data-avia-related-tooltip='Partager sur Facebook' rel=\"noopener\"><span class='avia_hidden_link_text'>Partager sur Facebook<\/span><\/a><\/li><li class='av-share-link av-social-link-twitter' ><a target=\"_blank\" aria-label=\"Partager sur Twitter\" href='https:\/\/twitter.com\/share?text=La%20sant%C3%A9%20chez%20les%20Am%C3%A9rindiens&#038;url=https:\/\/elodie-dulac.fr\/?p=16650' aria-hidden='false' data-av_icon='\ue8f1' data-av_iconfont='entypo-fontello' title='' data-avia-related-tooltip='Partager sur Twitter' rel=\"noopener\"><span class='avia_hidden_link_text'>Partager sur Twitter<\/span><\/a><\/li><li class='av-share-link av-social-link-pinterest' ><a target=\"_blank\" aria-label=\"Partager sur Pinterest\" href='https:\/\/pinterest.com\/pin\/create\/button\/?url=https%3A%2F%2Felodie-dulac.fr%2Findex.php%2F2019%2F03%2F15%2Fsante-traditions%2F&#038;description=La%20sant%C3%A9%20chez%20les%20Am%C3%A9rindiens&#038;media=https%3A%2F%2Felodie-dulac.fr%2Fwp-content%2Fuploads%2F2019%2F03%2FLorenza-Garcia-Navajos-Din%C3%A9-la-sant%C3%A9-chez-les-am%C3%A9rindiens-01-01-705x375.jpeg' aria-hidden='false' data-av_icon='\ue8f8' data-av_iconfont='entypo-fontello' title='' data-avia-related-tooltip='Partager sur Pinterest' rel=\"noopener\"><span class='avia_hidden_link_text'>Partager sur Pinterest<\/span><\/a><\/li><li class='av-share-link av-social-link-linkedin' ><a target=\"_blank\" aria-label=\"Partager sur LinkedIn\" href='https:\/\/linkedin.com\/shareArticle?mini=true&#038;title=La%20sant%C3%A9%20chez%20les%20Am%C3%A9rindiens&#038;url=https:\/\/elodie-dulac.fr\/index.php\/2019\/03\/15\/sante-traditions\/' aria-hidden='false' data-av_icon='\ue8fc' data-av_iconfont='entypo-fontello' title='' data-avia-related-tooltip='Partager sur LinkedIn' rel=\"noopener\"><span class='avia_hidden_link_text'>Partager sur LinkedIn<\/span><\/a><\/li><li class='av-share-link av-social-link-mail' ><a  aria-label=\"Partager par Mail\" href='mailto:?subject=La%20sant%C3%A9%20chez%20les%20Am%C3%A9rindiens&#038;body=https:\/\/elodie-dulac.fr\/index.php\/2019\/03\/15\/sante-traditions\/' aria-hidden='false' data-av_icon='\ue805' data-av_iconfont='entypo-fontello' title='' data-avia-related-tooltip='Partager par Mail'><span class='avia_hidden_link_text'>Partager par Mail<\/span><\/a><\/li><\/ul><\/div><\/div>\n","protected":false},"excerpt":{"rendered":"","protected":false},"author":1,"featured_media":16659,"comment_status":"open","ping_status":"open","sticky":false,"template":"","format":"standard","meta":{"footnotes":""},"categories":[89],"tags":[],"class_list":["post-16650","post","type-post","status-publish","format-standard","has-post-thumbnail","hentry","category-articles"],"yoast_head":"<!-- This site is optimized with the Yoast SEO plugin v26.5 - https:\/\/yoast.com\/wordpress\/plugins\/seo\/ -->\n<title>Elodie Dulac - La sant\u00e9 chez les din\u00e9s - Billet d&#039;humeur - BLOG -<\/title>\n<meta name=\"description\" content=\"Elodie Dulac - La sant\u00e9 chez les Din\u00e9s - BLOG - Comment les Am\u00e9rindiens consid\u00e8rent la sant\u00e9 au sein de leur tribus ? Ils nous ouvrent la conscience.\" \/>\n<meta name=\"robots\" content=\"index, follow, max-snippet:-1, max-image-preview:large, max-video-preview:-1\" \/>\n<link rel=\"canonical\" href=\"https:\/\/elodie-dulac.fr\/index.php\/2019\/03\/15\/sante-traditions\/\" \/>\n<meta property=\"og:locale\" content=\"fr_FR\" \/>\n<meta property=\"og:type\" content=\"article\" \/>\n<meta property=\"og:title\" content=\"Elodie Dulac - La sant\u00e9 chez les din\u00e9s - Billet d&#039;humeur - BLOG -\" \/>\n<meta property=\"og:description\" content=\"Elodie Dulac - La sant\u00e9 chez les Din\u00e9s - BLOG - Comment les Am\u00e9rindiens consid\u00e8rent la sant\u00e9 au sein de leur tribus ? Ils nous ouvrent la conscience.\" \/>\n<meta property=\"og:url\" content=\"https:\/\/elodie-dulac.fr\/index.php\/2019\/03\/15\/sante-traditions\/\" \/>\n<meta property=\"og:site_name\" content=\"Elodie Dulac\" \/>\n<meta property=\"article:publisher\" content=\"https:\/\/www.facebook.com\/Energ%c3%a9tique-massage-ancien-sophrologie-981665918679608\/notifications\/?notif_id=1535717918427252&amp;amp%3bamp%3bamp%3bamp%3bamp%3bnotif_t=page_user_activity&amp;amp%3bamp%3bamp%3bamp%3bamp%3bref=notif\" \/>\n<meta property=\"article:published_time\" content=\"2019-03-15T09:46:51+00:00\" \/>\n<meta property=\"article:modified_time\" content=\"2022-10-12T23:17:25+00:00\" \/>\n<meta property=\"og:image\" content=\"https:\/\/elodie-dulac.fr\/wp-content\/uploads\/2019\/03\/Lorenza-Garcia-Navajos-Din\u00e9-la-sant\u00e9-chez-les-am\u00e9rindiens-01-01.jpeg\" \/>\n\t<meta property=\"og:image:width\" content=\"1033\" \/>\n\t<meta property=\"og:image:height\" content=\"550\" \/>\n\t<meta property=\"og:image:type\" content=\"image\/jpeg\" \/>\n<meta name=\"author\" content=\"elodie\" \/>\n<meta name=\"twitter:card\" content=\"summary_large_image\" \/>\n<meta name=\"twitter:label1\" content=\"\u00c9crit par\" \/>\n\t<meta name=\"twitter:data1\" content=\"elodie\" \/>\n\t<meta name=\"twitter:label2\" content=\"Dur\u00e9e de lecture estim\u00e9e\" \/>\n\t<meta name=\"twitter:data2\" content=\"3 minutes\" \/>\n<script type=\"application\/ld+json\" class=\"yoast-schema-graph\">{\"@context\":\"https:\/\/schema.org\",\"@graph\":[{\"@type\":\"WebPage\",\"@id\":\"https:\/\/elodie-dulac.fr\/index.php\/2019\/03\/15\/sante-traditions\/\",\"url\":\"https:\/\/elodie-dulac.fr\/index.php\/2019\/03\/15\/sante-traditions\/\",\"name\":\"Elodie Dulac - La sant\u00e9 chez les din\u00e9s - Billet d'humeur - BLOG -\",\"isPartOf\":{\"@id\":\"https:\/\/elodie-dulac.fr\/#website\"},\"primaryImageOfPage\":{\"@id\":\"https:\/\/elodie-dulac.fr\/index.php\/2019\/03\/15\/sante-traditions\/#primaryimage\"},\"image\":{\"@id\":\"https:\/\/elodie-dulac.fr\/index.php\/2019\/03\/15\/sante-traditions\/#primaryimage\"},\"thumbnailUrl\":\"https:\/\/elodie-dulac.fr\/wp-content\/uploads\/2019\/03\/Lorenza-Garcia-Navajos-Din\u00e9-la-sant\u00e9-chez-les-am\u00e9rindiens-01-01.jpeg\",\"datePublished\":\"2019-03-15T09:46:51+00:00\",\"dateModified\":\"2022-10-12T23:17:25+00:00\",\"author\":{\"@id\":\"https:\/\/elodie-dulac.fr\/#\/schema\/person\/ca18d921b4d5e52c66ae53a11770bdce\"},\"description\":\"Elodie Dulac - La sant\u00e9 chez les Din\u00e9s - BLOG - Comment les Am\u00e9rindiens consid\u00e8rent la sant\u00e9 au sein de leur tribus ? Ils nous ouvrent la conscience.\",\"breadcrumb\":{\"@id\":\"https:\/\/elodie-dulac.fr\/index.php\/2019\/03\/15\/sante-traditions\/#breadcrumb\"},\"inLanguage\":\"fr-FR\",\"potentialAction\":[{\"@type\":\"ReadAction\",\"target\":[\"https:\/\/elodie-dulac.fr\/index.php\/2019\/03\/15\/sante-traditions\/\"]}]},{\"@type\":\"ImageObject\",\"inLanguage\":\"fr-FR\",\"@id\":\"https:\/\/elodie-dulac.fr\/index.php\/2019\/03\/15\/sante-traditions\/#primaryimage\",\"url\":\"https:\/\/elodie-dulac.fr\/wp-content\/uploads\/2019\/03\/Lorenza-Garcia-Navajos-Din\u00e9-la-sant\u00e9-chez-les-am\u00e9rindiens-01-01.jpeg\",\"contentUrl\":\"https:\/\/elodie-dulac.fr\/wp-content\/uploads\/2019\/03\/Lorenza-Garcia-Navajos-Din\u00e9-la-sant\u00e9-chez-les-am\u00e9rindiens-01-01.jpeg\",\"width\":1033,\"height\":550},{\"@type\":\"BreadcrumbList\",\"@id\":\"https:\/\/elodie-dulac.fr\/index.php\/2019\/03\/15\/sante-traditions\/#breadcrumb\",\"itemListElement\":[{\"@type\":\"ListItem\",\"position\":1,\"name\":\"Accueil\",\"item\":\"https:\/\/elodie-dulac.fr\/index.php\/energie-massage-sophrologie-soin-energetique-bols\/\"},{\"@type\":\"ListItem\",\"position\":2,\"name\":\"La sant\u00e9 chez les Am\u00e9rindiens\"}]},{\"@type\":\"WebSite\",\"@id\":\"https:\/\/elodie-dulac.fr\/#website\",\"url\":\"https:\/\/elodie-dulac.fr\/\",\"name\":\"Elodie Dulac\",\"description\":\"Les chemins de l&#039;\u00e9nergie\",\"potentialAction\":[{\"@type\":\"SearchAction\",\"target\":{\"@type\":\"EntryPoint\",\"urlTemplate\":\"https:\/\/elodie-dulac.fr\/?s={search_term_string}\"},\"query-input\":{\"@type\":\"PropertyValueSpecification\",\"valueRequired\":true,\"valueName\":\"search_term_string\"}}],\"inLanguage\":\"fr-FR\"},{\"@type\":\"Person\",\"@id\":\"https:\/\/elodie-dulac.fr\/#\/schema\/person\/ca18d921b4d5e52c66ae53a11770bdce\",\"name\":\"elodie\",\"image\":{\"@type\":\"ImageObject\",\"inLanguage\":\"fr-FR\",\"@id\":\"https:\/\/elodie-dulac.fr\/#\/schema\/person\/image\/\",\"url\":\"https:\/\/elodie-dulac.fr\/wp-content\/litespeed\/avatar\/b177153b82fc242c5b19e01902ed16bb.jpg?ver=1777151103\",\"contentUrl\":\"https:\/\/elodie-dulac.fr\/wp-content\/litespeed\/avatar\/b177153b82fc242c5b19e01902ed16bb.jpg?ver=1777151103\",\"caption\":\"elodie\"},\"url\":\"https:\/\/elodie-dulac.fr\/index.php\/author\/admin4234\/\"}]}<\/script>\n<!-- \/ Yoast SEO plugin. -->","yoast_head_json":{"title":"Elodie Dulac - La sant\u00e9 chez les din\u00e9s - Billet d'humeur - BLOG -","description":"Elodie Dulac - La sant\u00e9 chez les Din\u00e9s - BLOG - Comment les Am\u00e9rindiens consid\u00e8rent la sant\u00e9 au sein de leur tribus ? Ils nous ouvrent la conscience.","robots":{"index":"index","follow":"follow","max-snippet":"max-snippet:-1","max-image-preview":"max-image-preview:large","max-video-preview":"max-video-preview:-1"},"canonical":"https:\/\/elodie-dulac.fr\/index.php\/2019\/03\/15\/sante-traditions\/","og_locale":"fr_FR","og_type":"article","og_title":"Elodie Dulac - La sant\u00e9 chez les din\u00e9s - Billet d'humeur - BLOG -","og_description":"Elodie Dulac - La sant\u00e9 chez les Din\u00e9s - BLOG - Comment les Am\u00e9rindiens consid\u00e8rent la sant\u00e9 au sein de leur tribus ? Ils nous ouvrent la conscience.","og_url":"https:\/\/elodie-dulac.fr\/index.php\/2019\/03\/15\/sante-traditions\/","og_site_name":"Elodie Dulac","article_publisher":"https:\/\/www.facebook.com\/Energ%c3%a9tique-massage-ancien-sophrologie-981665918679608\/notifications\/?notif_id=1535717918427252&amp%3bamp%3bamp%3bamp%3bamp%3bnotif_t=page_user_activity&amp%3bamp%3bamp%3bamp%3bamp%3bref=notif","article_published_time":"2019-03-15T09:46:51+00:00","article_modified_time":"2022-10-12T23:17:25+00:00","og_image":[{"width":1033,"height":550,"url":"https:\/\/elodie-dulac.fr\/wp-content\/uploads\/2019\/03\/Lorenza-Garcia-Navajos-Din\u00e9-la-sant\u00e9-chez-les-am\u00e9rindiens-01-01.jpeg","type":"image\/jpeg"}],"author":"elodie","twitter_card":"summary_large_image","twitter_misc":{"\u00c9crit par":"elodie","Dur\u00e9e de lecture estim\u00e9e":"3 minutes"},"schema":{"@context":"https:\/\/schema.org","@graph":[{"@type":"WebPage","@id":"https:\/\/elodie-dulac.fr\/index.php\/2019\/03\/15\/sante-traditions\/","url":"https:\/\/elodie-dulac.fr\/index.php\/2019\/03\/15\/sante-traditions\/","name":"Elodie Dulac - La sant\u00e9 chez les din\u00e9s - Billet d'humeur - BLOG -","isPartOf":{"@id":"https:\/\/elodie-dulac.fr\/#website"},"primaryImageOfPage":{"@id":"https:\/\/elodie-dulac.fr\/index.php\/2019\/03\/15\/sante-traditions\/#primaryimage"},"image":{"@id":"https:\/\/elodie-dulac.fr\/index.php\/2019\/03\/15\/sante-traditions\/#primaryimage"},"thumbnailUrl":"https:\/\/elodie-dulac.fr\/wp-content\/uploads\/2019\/03\/Lorenza-Garcia-Navajos-Din\u00e9-la-sant\u00e9-chez-les-am\u00e9rindiens-01-01.jpeg","datePublished":"2019-03-15T09:46:51+00:00","dateModified":"2022-10-12T23:17:25+00:00","author":{"@id":"https:\/\/elodie-dulac.fr\/#\/schema\/person\/ca18d921b4d5e52c66ae53a11770bdce"},"description":"Elodie Dulac - La sant\u00e9 chez les Din\u00e9s - BLOG - Comment les Am\u00e9rindiens consid\u00e8rent la sant\u00e9 au sein de leur tribus ? Ils nous ouvrent la conscience.","breadcrumb":{"@id":"https:\/\/elodie-dulac.fr\/index.php\/2019\/03\/15\/sante-traditions\/#breadcrumb"},"inLanguage":"fr-FR","potentialAction":[{"@type":"ReadAction","target":["https:\/\/elodie-dulac.fr\/index.php\/2019\/03\/15\/sante-traditions\/"]}]},{"@type":"ImageObject","inLanguage":"fr-FR","@id":"https:\/\/elodie-dulac.fr\/index.php\/2019\/03\/15\/sante-traditions\/#primaryimage","url":"https:\/\/elodie-dulac.fr\/wp-content\/uploads\/2019\/03\/Lorenza-Garcia-Navajos-Din\u00e9-la-sant\u00e9-chez-les-am\u00e9rindiens-01-01.jpeg","contentUrl":"https:\/\/elodie-dulac.fr\/wp-content\/uploads\/2019\/03\/Lorenza-Garcia-Navajos-Din\u00e9-la-sant\u00e9-chez-les-am\u00e9rindiens-01-01.jpeg","width":1033,"height":550},{"@type":"BreadcrumbList","@id":"https:\/\/elodie-dulac.fr\/index.php\/2019\/03\/15\/sante-traditions\/#breadcrumb","itemListElement":[{"@type":"ListItem","position":1,"name":"Accueil","item":"https:\/\/elodie-dulac.fr\/index.php\/energie-massage-sophrologie-soin-energetique-bols\/"},{"@type":"ListItem","position":2,"name":"La sant\u00e9 chez les Am\u00e9rindiens"}]},{"@type":"WebSite","@id":"https:\/\/elodie-dulac.fr\/#website","url":"https:\/\/elodie-dulac.fr\/","name":"Elodie Dulac","description":"Les chemins de l&#039;\u00e9nergie","potentialAction":[{"@type":"SearchAction","target":{"@type":"EntryPoint","urlTemplate":"https:\/\/elodie-dulac.fr\/?s={search_term_string}"},"query-input":{"@type":"PropertyValueSpecification","valueRequired":true,"valueName":"search_term_string"}}],"inLanguage":"fr-FR"},{"@type":"Person","@id":"https:\/\/elodie-dulac.fr\/#\/schema\/person\/ca18d921b4d5e52c66ae53a11770bdce","name":"elodie","image":{"@type":"ImageObject","inLanguage":"fr-FR","@id":"https:\/\/elodie-dulac.fr\/#\/schema\/person\/image\/","url":"https:\/\/elodie-dulac.fr\/wp-content\/litespeed\/avatar\/b177153b82fc242c5b19e01902ed16bb.jpg?ver=1777151103","contentUrl":"https:\/\/elodie-dulac.fr\/wp-content\/litespeed\/avatar\/b177153b82fc242c5b19e01902ed16bb.jpg?ver=1777151103","caption":"elodie"},"url":"https:\/\/elodie-dulac.fr\/index.php\/author\/admin4234\/"}]}},"_links":{"self":[{"href":"https:\/\/elodie-dulac.fr\/index.php\/wp-json\/wp\/v2\/posts\/16650","targetHints":{"allow":["GET"]}}],"collection":[{"href":"https:\/\/elodie-dulac.fr\/index.php\/wp-json\/wp\/v2\/posts"}],"about":[{"href":"https:\/\/elodie-dulac.fr\/index.php\/wp-json\/wp\/v2\/types\/post"}],"author":[{"embeddable":true,"href":"https:\/\/elodie-dulac.fr\/index.php\/wp-json\/wp\/v2\/users\/1"}],"replies":[{"embeddable":true,"href":"https:\/\/elodie-dulac.fr\/index.php\/wp-json\/wp\/v2\/comments?post=16650"}],"version-history":[{"count":0,"href":"https:\/\/elodie-dulac.fr\/index.php\/wp-json\/wp\/v2\/posts\/16650\/revisions"}],"wp:featuredmedia":[{"embeddable":true,"href":"https:\/\/elodie-dulac.fr\/index.php\/wp-json\/wp\/v2\/media\/16659"}],"wp:attachment":[{"href":"https:\/\/elodie-dulac.fr\/index.php\/wp-json\/wp\/v2\/media?parent=16650"}],"wp:term":[{"taxonomy":"category","embeddable":true,"href":"https:\/\/elodie-dulac.fr\/index.php\/wp-json\/wp\/v2\/categories?post=16650"},{"taxonomy":"post_tag","embeddable":true,"href":"https:\/\/elodie-dulac.fr\/index.php\/wp-json\/wp\/v2\/tags?post=16650"}],"curies":[{"name":"wp","href":"https:\/\/api.w.org\/{rel}","templated":true}]}}